{"id":4004,"date":"2024-05-13T15:23:10","date_gmt":"2024-05-13T14:23:10","guid":{"rendered":"https:\/\/gourmetlandtenerife.com\/?p=4004"},"modified":"2024-05-13T15:33:44","modified_gmt":"2024-05-13T14:33:44","slug":"profitez-de-la-journee-des-canaries-avec-g","status":"publish","type":"post","link":"https:\/\/gourmetlandtenerife.com\/fr\/profitez-de-la-journee-des-canaries-avec-g\/","title":{"rendered":"Profitez de la Journ\u00e9e des Canaries avec G"},"content":{"rendered":"<p>Profitez de la <strong>Journ\u00e9e des Canaries<\/strong> avec une exp\u00e9rience culinaire extraordinaire \u00e0 <strong>Gourmetland<\/strong> ! En cette journ\u00e9e sp\u00e9ciale, nous voulons c\u00e9l\u00e9brer la diversit\u00e9 et la richesse culturelle de nos \u00eeles, et quoi de mieux que de se d\u00e9lecter des saveurs exceptionnelles offertes par nos restaurants.<\/p>\n<p>Commen\u00e7ons notre voyage gastronomique au <strong><a href=\"https:\/\/teppanyakii.com\/\">Teppanyaki<\/a><\/strong>, o\u00f9 la fra\u00eecheur du poisson et des sushis se combine au spectacle de regarder les chefs pr\u00e9parer votre nourriture sur une plaque chauffante juste devant vous. C&rsquo;est une exp\u00e9rience unique qui \u00e9l\u00e8ve la cuisine japonaise \u00e0 de nouveaux sommets.<\/p>\n<p><a href=\"https:\/\/gourmetlandtenerife.com\/wp-content\/uploads\/2024\/02\/marietta-2-1-1.jpg\"><img loading=\"lazy\" decoding=\"async\" class=\"alignright wp-image-3852\" src=\"https:\/\/gourmetlandtenerife.com\/wp-content\/uploads\/2024\/02\/marietta-2-1-1-300x300.jpg\" alt=\"Journ\u00e9e des Canaries \u00e0 Gourmetland\" width=\"250\" height=\"450\" srcset=\"https:\/\/gourmetlandtenerife.com\/wp-content\/uploads\/2024\/02\/marietta-2-1-1-333x600.jpg 333w, https:\/\/gourmetlandtenerife.com\/wp-content\/uploads\/2024\/02\/marietta-2-1-1-569x1024.jpg 569w, https:\/\/gourmetlandtenerife.com\/wp-content\/uploads\/2024\/02\/marietta-2-1-1-328x590.jpg 328w, https:\/\/gourmetlandtenerife.com\/wp-content\/uploads\/2024\/02\/marietta-2-1-1-372x670.jpg 372w, https:\/\/gourmetlandtenerife.com\/wp-content\/uploads\/2024\/02\/marietta-2-1-1-481x866.jpg 481w, https:\/\/gourmetlandtenerife.com\/wp-content\/uploads\/2024\/02\/marietta-2-1-1.jpg 600w\" sizes=\"auto, (max-width: 250px) 100vw, 250px\" \/><\/a><\/p>\n<p>Ensuite, plongez dans le charme de <strong><a href=\"https:\/\/mariettarestaurante.com\/\">Marietta<\/a><\/strong>, un restaurant traditionnel r\u00e9put\u00e9 pour son ambiance chaleureuse et ses plats locaux authentiques. Ici, les ingr\u00e9dients frais se transforment en d\u00e9lices culinaires qui vous transporteront directement vers l&rsquo;essence des Canaries.<\/p>\n<p>Pour les amateurs de viande, <strong><a href=\"https:\/\/primesteakhouse.es\/\">Prime Steak House<\/a><\/strong> est un incontournable. Avec une impressionnante s\u00e9lection de coupes de viande de haute qualit\u00e9 et une ambiance \u00e9l\u00e9gante, ce restaurant est l&rsquo;endroit parfait pour savourer un d\u00eener sp\u00e9cial et d\u00e9guster le meilleur de la cuisine internationale.<\/p>\n<p>Si vous recherchez une exp\u00e9rience plus exotique, <strong><a href=\"https:\/\/thaisecret.es\/\">Thai Secret<\/a><\/strong> est votre destination id\u00e9ale. Avec une vari\u00e9t\u00e9 de plats tha\u00eflandais authentiques pr\u00e9par\u00e9s avec des ingr\u00e9dients frais et des saveurs vibrantes, un festin sensoriel vous attend qui vous transportera directement dans les rues de la Tha\u00eflande.<\/p>\n<p>Et pour couronner cette c\u00e9l\u00e9bration culinaire, nous vous invitons \u00e0 explorer la fusion de la tradition et de la modernit\u00e9 \u00e0 <strong><a href=\"https:\/\/haciendamiranda.es\/\">Hacienda Miranda<\/a><\/strong>. Avec une proposition gastronomique unique, chaque visite devient une aventure qui vous laissera envie de revenir pour plus.<\/p>\n<p>\u00c0 <strong>Gourmetland<\/strong>, chaque restaurant offre une exp\u00e9rience unique et m\u00e9morable, garantissant qu&rsquo;il y en a pour tous en cette <strong>Journ\u00e9e des Canaries<\/strong>. Alors venez nous rejoindre pour c\u00e9l\u00e9brer la culture, la tradition et bien s\u00fbr, la d\u00e9licieuse cuisine qui fait de nos \u00eeles ce qu&rsquo;elles sont. Nous vous attendons \u00e0 bras ouverts !<\/p>\n","protected":false},"excerpt":{"rendered":"<p>Profitez de la Journ\u00e9e des Canaries avec une exp\u00e9rience culinaire extraordinaire \u00e0 Gourmetland ! En cette journ\u00e9e sp\u00e9ciale, nous voulons c\u00e9l\u00e9brer la diversit\u00e9 et la richesse culturelle de nos \u00eeles, et quoi de mieux que de se d\u00e9lecter des saveurs exceptionnelles offertes par nos restaurants. Commen\u00e7ons notre voyage gastronomique au Teppanyaki, o\u00f9 la fra\u00eecheur du [&hellip;]<\/p>\n","protected":false},"author":95866144,"featured_media":4012,"comment_status":"closed","ping_status":"closed","sticky":false,"template":"","format":"standard","meta":{"footnotes":""},"categories":[126],"tags":[],"class_list":["post-4004","post","type-post","status-publish","format-standard","has-post-thumbnail","hentry","category-restaurants-fr"],"better_featured_image":{"id":4012,"alt_text":"","caption":"","description":"","media_type":"image","media_details":{"width":1240,"height":600,"file":"2024\/05\/dia-de-canarias-1.jpg","filesize":159802,"sizes":{"medium":{"file":"dia-de-canarias-1-600x290.jpg","width":600,"height":290,"mime-type":"image\/jpeg","filesize":45382,"source_url":"https:\/\/gourmetlandtenerife.com\/wp-content\/uploads\/2024\/05\/dia-de-canarias-1-600x290.jpg"},"large":{"file":"dia-de-canarias-1-1024x495.jpg","width":1024,"height":495,"mime-type":"image\/jpeg","filesize":109542,"source_url":"https:\/\/gourmetlandtenerife.com\/wp-content\/uploads\/2024\/05\/dia-de-canarias-1-1024x495.jpg"},"thumbnail":{"file":"dia-de-canarias-1-300x300.jpg","width":300,"height":300,"mime-type":"image\/jpeg","filesize":24236,"source_url":"https:\/\/gourmetlandtenerife.com\/wp-content\/uploads\/2024\/05\/dia-de-canarias-1-300x300.jpg"},"medium_large":{"file":"dia-de-canarias-1-768x372.jpg","width":768,"height":372,"mime-type":"image\/jpeg","filesize":68560,"source_url":"https:\/\/gourmetlandtenerife.com\/wp-content\/uploads\/2024\/05\/dia-de-canarias-1-768x372.jpg"},"post-thumbnail":{"file":"dia-de-canarias-1-900x500.jpg","width":900,"height":500,"mime-type":"image\/jpeg","filesize":98749,"source_url":"https:\/\/gourmetlandtenerife.com\/wp-content\/uploads\/2024\/05\/dia-de-canarias-1-900x500.jpg"},"listeo-avatar":{"file":"dia-de-canarias-1-590x285.jpg","width":590,"height":285,"mime-type":"image\/jpeg","filesize":43860,"source_url":"https:\/\/gourmetlandtenerife.com\/wp-content\/uploads\/2024\/05\/dia-de-canarias-1-590x285.jpg"},"listeo-blog-post":{"file":"dia-de-canarias-1-1200x581.jpg","width":1200,"height":581,"mime-type":"image\/jpeg","filesize":143716,"source_url":"https:\/\/gourmetlandtenerife.com\/wp-content\/uploads\/2024\/05\/dia-de-canarias-1-1200x581.jpg"},"listeo-blog-related-post":{"file":"dia-de-canarias-1-577x279.jpg","width":577,"height":279,"mime-type":"image\/jpeg","filesize":42249,"source_url":"https:\/\/gourmetlandtenerife.com\/wp-content\/uploads\/2024\/05\/dia-de-canarias-1-577x279.jpg"},"listeo-post-thumb":{"file":"dia-de-canarias-1-150x150.jpg","width":150,"height":150,"mime-type":"image\/jpeg","filesize":8971,"source_url":"https:\/\/gourmetlandtenerife.com\/wp-content\/uploads\/2024\/05\/dia-de-canarias-1-150x150.jpg"},"listeo-gallery":{"file":"dia-de-canarias-1-1200x581.jpg","width":1200,"height":581,"mime-type":"image\/jpeg","filesize":143687,"source_url":"https:\/\/gourmetlandtenerife.com\/wp-content\/uploads\/2024\/05\/dia-de-canarias-1-1200x581.jpg"},"listeo-listing-grid":{"file":"dia-de-canarias-1-520x397.jpg","width":520,"height":397,"mime-type":"image\/jpeg","filesize":50036,"source_url":"https:\/\/gourmetlandtenerife.com\/wp-content\/uploads\/2024\/05\/dia-de-canarias-1-520x397.jpg"},"listeo_core-avatar":{"file":"dia-de-canarias-1-590x590.jpg","width":590,"height":590,"mime-type":"image\/jpeg","filesize":71544,"source_url":"https:\/\/gourmetlandtenerife.com\/wp-content\/uploads\/2024\/05\/dia-de-canarias-1-590x590.jpg"},"listeo_core-preview":{"file":"dia-de-canarias-1-200x200.jpg","width":200,"height":200,"mime-type":"image\/jpeg","filesize":13079,"source_url":"https:\/\/gourmetlandtenerife.com\/wp-content\/uploads\/2024\/05\/dia-de-canarias-1-200x200.jpg"},"cmplz_banner_image":{"file":"dia-de-canarias-1-350x100.jpg","width":350,"height":100,"mime-type":"image\/jpeg","filesize":12331,"source_url":"https:\/\/gourmetlandtenerife.com\/wp-content\/uploads\/2024\/05\/dia-de-canarias-1-350x100.jpg"}},"image_meta":{"aperture":"0","credit":"","camera":"","caption":"","created_timestamp":"0","copyright":"","focal_length":"0","iso":"0","shutter_speed":"0","title":"","orientation":"1","keywords":[]}},"post":4004,"source_url":"https:\/\/gourmetlandtenerife.com\/wp-content\/uploads\/2024\/05\/dia-de-canarias-1.jpg"},"image_feature":"https:\/\/gourmetlandtenerife.com\/wp-content\/uploads\/2024\/05\/dia-de-canarias-1-300x300.jpg","author_name":"Gourmetland Tenerife","yoast_head":"<!-- This site is optimized with the Yoast SEO Premium plugin v19.3 (Yoast SEO v22.3) - https:\/\/yoast.com\/wordpress\/plugins\/seo\/ -->\n<title>Profitez de la Journ\u00e9e des Canaries avec G - Gourmetland Tenerife<\/title>\n<meta name=\"description\" content=\"C\u00e9l\u00e9brez la Journ\u00e9e des \u00eeles Canaries en vivant une exp\u00e9rience gastronomique exceptionnelle \u00e0 Gourmetland ! Savourez des saveurs authentiques\" \/>\n<meta name=\"robots\" content=\"index, follow, max-snippet:-1, max-image-preview:large, max-video-preview:-1\" \/>\n<link rel=\"canonical\" href=\"https:\/\/gourmetlandtenerife.com\/fr\/profitez-de-la-journee-des-canaries-avec-g\/\" \/>\n<meta property=\"og:locale\" content=\"fr_FR\" \/>\n<meta property=\"og:type\" content=\"article\" \/>\n<meta property=\"og:title\" content=\"Profitez de la Journ\u00e9e des Canaries avec G\" \/>\n<meta property=\"og:description\" content=\"C\u00e9l\u00e9brez la Journ\u00e9e des \u00eeles Canaries en vivant une exp\u00e9rience gastronomique exceptionnelle \u00e0 Gourmetland ! Savourez des saveurs authentiques\" \/>\n<meta property=\"og:url\" content=\"https:\/\/gourmetlandtenerife.com\/fr\/profitez-de-la-journee-des-canaries-avec-g\/\" \/>\n<meta property=\"og:site_name\" content=\"Gourmetland Tenerife\" \/>\n<meta property=\"article:publisher\" content=\"https:\/\/www.facebook.com\/grupogourmetland\/\" \/>\n<meta property=\"article:published_time\" content=\"2024-05-13T14:23:10+00:00\" \/>\n<meta property=\"article:modified_time\" content=\"2024-05-13T14:33:44+00:00\" \/>\n<meta property=\"og:image\" content=\"https:\/\/gourmetlandtenerife.com\/wp-content\/uploads\/2024\/05\/dia-de-canarias-1.jpg\" \/>\n\t<meta property=\"og:image:width\" content=\"1240\" \/>\n\t<meta property=\"og:image:height\" content=\"600\" \/>\n\t<meta property=\"og:image:type\" content=\"image\/jpeg\" \/>\n<meta name=\"author\" content=\"Gourmetland Tenerife\" \/>\n<meta name=\"twitter:card\" content=\"summary_large_image\" \/>\n<meta name=\"twitter:label1\" content=\"\u00c9crit par\" \/>\n\t<meta name=\"twitter:data1\" content=\"Gourmetland Tenerife\" \/>\n\t<meta name=\"twitter:label2\" content=\"Dur\u00e9e de lecture estim\u00e9e\" \/>\n\t<meta name=\"twitter:data2\" content=\"2 minutes\" \/>\n<script type=\"application\/ld+json\" class=\"yoast-schema-graph\">{\"@context\":\"https:\/\/schema.org\",\"@graph\":[{\"@type\":\"Article\",\"@id\":\"https:\/\/gourmetlandtenerife.com\/fr\/profitez-de-la-journee-des-canaries-avec-g\/#article\",\"isPartOf\":{\"@id\":\"https:\/\/gourmetlandtenerife.com\/fr\/profitez-de-la-journee-des-canaries-avec-g\/\"},\"author\":{\"name\":\"Gourmetland Tenerife\",\"@id\":\"https:\/\/gourmetlandtenerife.com\/fr\/#\/schema\/person\/2a7042087247511ee2631b0b87bb261a\"},\"headline\":\"Profitez de la Journ\u00e9e des Canaries avec G\",\"datePublished\":\"2024-05-13T14:23:10+00:00\",\"dateModified\":\"2024-05-13T14:33:44+00:00\",\"mainEntityOfPage\":{\"@id\":\"https:\/\/gourmetlandtenerife.com\/fr\/profitez-de-la-journee-des-canaries-avec-g\/\"},\"wordCount\":352,\"publisher\":{\"@id\":\"https:\/\/gourmetlandtenerife.com\/fr\/#organization\"},\"image\":{\"@id\":\"https:\/\/gourmetlandtenerife.com\/fr\/profitez-de-la-journee-des-canaries-avec-g\/#primaryimage\"},\"thumbnailUrl\":\"https:\/\/gourmetlandtenerife.com\/wp-content\/uploads\/2024\/05\/dia-de-canarias-1.jpg\",\"articleSection\":[\"Restaurants\"],\"inLanguage\":\"fr-FR\"},{\"@type\":\"WebPage\",\"@id\":\"https:\/\/gourmetlandtenerife.com\/fr\/profitez-de-la-journee-des-canaries-avec-g\/\",\"url\":\"https:\/\/gourmetlandtenerife.com\/fr\/profitez-de-la-journee-des-canaries-avec-g\/\",\"name\":\"Profitez de la Journ\u00e9e des Canaries avec G - Gourmetland Tenerife\",\"isPartOf\":{\"@id\":\"https:\/\/gourmetlandtenerife.com\/fr\/#website\"},\"primaryImageOfPage\":{\"@id\":\"https:\/\/gourmetlandtenerife.com\/fr\/profitez-de-la-journee-des-canaries-avec-g\/#primaryimage\"},\"image\":{\"@id\":\"https:\/\/gourmetlandtenerife.com\/fr\/profitez-de-la-journee-des-canaries-avec-g\/#primaryimage\"},\"thumbnailUrl\":\"https:\/\/gourmetlandtenerife.com\/wp-content\/uploads\/2024\/05\/dia-de-canarias-1.jpg\",\"datePublished\":\"2024-05-13T14:23:10+00:00\",\"dateModified\":\"2024-05-13T14:33:44+00:00\",\"description\":\"C\u00e9l\u00e9brez la Journ\u00e9e des \u00eeles Canaries en vivant une exp\u00e9rience gastronomique exceptionnelle \u00e0 Gourmetland ! Savourez des saveurs authentiques\",\"breadcrumb\":{\"@id\":\"https:\/\/gourmetlandtenerife.com\/fr\/profitez-de-la-journee-des-canaries-avec-g\/#breadcrumb\"},\"inLanguage\":\"fr-FR\",\"potentialAction\":[{\"@type\":\"ReadAction\",\"target\":[\"https:\/\/gourmetlandtenerife.com\/fr\/profitez-de-la-journee-des-canaries-avec-g\/\"]}]},{\"@type\":\"ImageObject\",\"inLanguage\":\"fr-FR\",\"@id\":\"https:\/\/gourmetlandtenerife.com\/fr\/profitez-de-la-journee-des-canaries-avec-g\/#primaryimage\",\"url\":\"https:\/\/gourmetlandtenerife.com\/wp-content\/uploads\/2024\/05\/dia-de-canarias-1.jpg\",\"contentUrl\":\"https:\/\/gourmetlandtenerife.com\/wp-content\/uploads\/2024\/05\/dia-de-canarias-1.jpg\",\"width\":1240,\"height\":600},{\"@type\":\"BreadcrumbList\",\"@id\":\"https:\/\/gourmetlandtenerife.com\/fr\/profitez-de-la-journee-des-canaries-avec-g\/#breadcrumb\",\"itemListElement\":[{\"@type\":\"ListItem\",\"position\":1,\"name\":\"Home\",\"item\":\"https:\/\/gourmetlandtenerife.com\/fr\/\"},{\"@type\":\"ListItem\",\"position\":2,\"name\":\"Profitez de la Journ\u00e9e des Canaries avec G\"}]},{\"@type\":\"WebSite\",\"@id\":\"https:\/\/gourmetlandtenerife.com\/fr\/#website\",\"url\":\"https:\/\/gourmetlandtenerife.com\/fr\/\",\"name\":\"Gourmetland Tenerife\",\"description\":\"Experiencias gastron\u00f3micas en Tenerife\",\"publisher\":{\"@id\":\"https:\/\/gourmetlandtenerife.com\/fr\/#organization\"},\"potentialAction\":[{\"@type\":\"SearchAction\",\"target\":{\"@type\":\"EntryPoint\",\"urlTemplate\":\"https:\/\/gourmetlandtenerife.com\/fr\/?s={search_term_string}\"},\"query-input\":\"required name=search_term_string\"}],\"inLanguage\":\"fr-FR\"},{\"@type\":[\"Organization\",\"Place\",\"Restaurant\"],\"@id\":\"https:\/\/gourmetlandtenerife.com\/fr\/#organization\",\"name\":\"Gourmetland Tenerife\",\"url\":\"https:\/\/gourmetlandtenerife.com\/fr\/\",\"logo\":{\"@id\":\"https:\/\/gourmetlandtenerife.com\/fr\/profitez-de-la-journee-des-canaries-avec-g\/#local-main-organization-logo\"},\"image\":{\"@id\":\"https:\/\/gourmetlandtenerife.com\/fr\/profitez-de-la-journee-des-canaries-avec-g\/#local-main-organization-logo\"},\"sameAs\":[\"https:\/\/www.facebook.com\/grupogourmetland\/\",\"https:\/\/www.instagram.com\/gourmetlandtenerife\/\"],\"telephone\":[\"+34 922 798 489\"],\"contactPoint\":{\"@type\":\"ContactPoint\",\"telephone\":\"+34 922 798 489\",\"email\":\"marketing@gourmetlandtenerife.com\"},\"openingHoursSpecification\":[{\"@type\":\"OpeningHoursSpecification\",\"dayOfWeek\":[\"Monday\",\"Tuesday\",\"Wednesday\",\"Thursday\",\"Friday\",\"Saturday\",\"Sunday\"],\"opens\":\"09:00\",\"closes\":\"17:00\"}],\"email\":\"marketing@gourmetlandtenerife.com\",\"areaServed\":\"Tenerife\"},{\"@type\":\"Person\",\"@id\":\"https:\/\/gourmetlandtenerife.com\/fr\/#\/schema\/person\/2a7042087247511ee2631b0b87bb261a\",\"name\":\"Gourmetland Tenerife\",\"image\":{\"@type\":\"ImageObject\",\"inLanguage\":\"fr-FR\",\"@id\":\"https:\/\/gourmetlandtenerife.com\/fr\/#\/schema\/person\/image\/\",\"url\":\"https:\/\/secure.gravatar.com\/avatar\/a51493f40a47b45581449c4a0e35ff84997d545dadba8146a86e294476583325?s=96&d=mm&r=x\",\"contentUrl\":\"https:\/\/secure.gravatar.com\/avatar\/a51493f40a47b45581449c4a0e35ff84997d545dadba8146a86e294476583325?s=96&d=mm&r=x\",\"caption\":\"Gourmetland Tenerife\"}},{\"@type\":\"ImageObject\",\"inLanguage\":\"fr-FR\",\"@id\":\"https:\/\/gourmetlandtenerife.com\/fr\/profitez-de-la-journee-des-canaries-avec-g\/#local-main-organization-logo\",\"url\":\"https:\/\/gourmetlandtenerife.com\/wp-content\/uploads\/2022\/05\/Logo-gourmetland-redondo-fondo-blanco-2.png\",\"contentUrl\":\"https:\/\/gourmetlandtenerife.com\/wp-content\/uploads\/2022\/05\/Logo-gourmetland-redondo-fondo-blanco-2.png\",\"width\":3079,\"height\":3079,\"caption\":\"Gourmetland Tenerife\"}]}<\/script>\n<meta name=\"geo.placename\" content=\"Santa Cruz de Tenerife\" \/>\n<meta name=\"geo.region\" content=\"Espagne\" \/>\n<!-- \/ Yoast SEO Premium plugin. -->","yoast_head_json":{"title":"Profitez de la Journ\u00e9e des Canaries avec G - Gourmetland Tenerife","description":"C\u00e9l\u00e9brez la Journ\u00e9e des \u00eeles Canaries en vivant une exp\u00e9rience gastronomique exceptionnelle \u00e0 Gourmetland ! Savourez des saveurs authentiques","robots":{"index":"index","follow":"follow","max-snippet":"max-snippet:-1","max-image-preview":"max-image-preview:large","max-video-preview":"max-video-preview:-1"},"canonical":"https:\/\/gourmetlandtenerife.com\/fr\/profitez-de-la-journee-des-canaries-avec-g\/","og_locale":"fr_FR","og_type":"article","og_title":"Profitez de la Journ\u00e9e des Canaries avec G","og_description":"C\u00e9l\u00e9brez la Journ\u00e9e des \u00eeles Canaries en vivant une exp\u00e9rience gastronomique exceptionnelle \u00e0 Gourmetland ! Savourez des saveurs authentiques","og_url":"https:\/\/gourmetlandtenerife.com\/fr\/profitez-de-la-journee-des-canaries-avec-g\/","og_site_name":"Gourmetland Tenerife","article_publisher":"https:\/\/www.facebook.com\/grupogourmetland\/","article_published_time":"2024-05-13T14:23:10+00:00","article_modified_time":"2024-05-13T14:33:44+00:00","og_image":[{"width":1240,"height":600,"url":"https:\/\/gourmetlandtenerife.com\/wp-content\/uploads\/2024\/05\/dia-de-canarias-1.jpg","type":"image\/jpeg"}],"author":"Gourmetland Tenerife","twitter_card":"summary_large_image","twitter_misc":{"\u00c9crit par":"Gourmetland Tenerife","Dur\u00e9e de lecture estim\u00e9e":"2 minutes"},"schema":{"@context":"https:\/\/schema.org","@graph":[{"@type":"Article","@id":"https:\/\/gourmetlandtenerife.com\/fr\/profitez-de-la-journee-des-canaries-avec-g\/#article","isPartOf":{"@id":"https:\/\/gourmetlandtenerife.com\/fr\/profitez-de-la-journee-des-canaries-avec-g\/"},"author":{"name":"Gourmetland Tenerife","@id":"https:\/\/gourmetlandtenerife.com\/fr\/#\/schema\/person\/2a7042087247511ee2631b0b87bb261a"},"headline":"Profitez de la Journ\u00e9e des Canaries avec G","datePublished":"2024-05-13T14:23:10+00:00","dateModified":"2024-05-13T14:33:44+00:00","mainEntityOfPage":{"@id":"https:\/\/gourmetlandtenerife.com\/fr\/profitez-de-la-journee-des-canaries-avec-g\/"},"wordCount":352,"publisher":{"@id":"https:\/\/gourmetlandtenerife.com\/fr\/#organization"},"image":{"@id":"https:\/\/gourmetlandtenerife.com\/fr\/profitez-de-la-journee-des-canaries-avec-g\/#primaryimage"},"thumbnailUrl":"https:\/\/gourmetlandtenerife.com\/wp-content\/uploads\/2024\/05\/dia-de-canarias-1.jpg","articleSection":["Restaurants"],"inLanguage":"fr-FR"},{"@type":"WebPage","@id":"https:\/\/gourmetlandtenerife.com\/fr\/profitez-de-la-journee-des-canaries-avec-g\/","url":"https:\/\/gourmetlandtenerife.com\/fr\/profitez-de-la-journee-des-canaries-avec-g\/","name":"Profitez de la Journ\u00e9e des Canaries avec G - Gourmetland Tenerife","isPartOf":{"@id":"https:\/\/gourmetlandtenerife.com\/fr\/#website"},"primaryImageOfPage":{"@id":"https:\/\/gourmetlandtenerife.com\/fr\/profitez-de-la-journee-des-canaries-avec-g\/#primaryimage"},"image":{"@id":"https:\/\/gourmetlandtenerife.com\/fr\/profitez-de-la-journee-des-canaries-avec-g\/#primaryimage"},"thumbnailUrl":"https:\/\/gourmetlandtenerife.com\/wp-content\/uploads\/2024\/05\/dia-de-canarias-1.jpg","datePublished":"2024-05-13T14:23:10+00:00","dateModified":"2024-05-13T14:33:44+00:00","description":"C\u00e9l\u00e9brez la Journ\u00e9e des \u00eeles Canaries en vivant une exp\u00e9rience gastronomique exceptionnelle \u00e0 Gourmetland ! Savourez des saveurs authentiques","breadcrumb":{"@id":"https:\/\/gourmetlandtenerife.com\/fr\/profitez-de-la-journee-des-canaries-avec-g\/#breadcrumb"},"inLanguage":"fr-FR","potentialAction":[{"@type":"ReadAction","target":["https:\/\/gourmetlandtenerife.com\/fr\/profitez-de-la-journee-des-canaries-avec-g\/"]}]},{"@type":"ImageObject","inLanguage":"fr-FR","@id":"https:\/\/gourmetlandtenerife.com\/fr\/profitez-de-la-journee-des-canaries-avec-g\/#primaryimage","url":"https:\/\/gourmetlandtenerife.com\/wp-content\/uploads\/2024\/05\/dia-de-canarias-1.jpg","contentUrl":"https:\/\/gourmetlandtenerife.com\/wp-content\/uploads\/2024\/05\/dia-de-canarias-1.jpg","width":1240,"height":600},{"@type":"BreadcrumbList","@id":"https:\/\/gourmetlandtenerife.com\/fr\/profitez-de-la-journee-des-canaries-avec-g\/#breadcrumb","itemListElement":[{"@type":"ListItem","position":1,"name":"Home","item":"https:\/\/gourmetlandtenerife.com\/fr\/"},{"@type":"ListItem","position":2,"name":"Profitez de la Journ\u00e9e des Canaries avec G"}]},{"@type":"WebSite","@id":"https:\/\/gourmetlandtenerife.com\/fr\/#website","url":"https:\/\/gourmetlandtenerife.com\/fr\/","name":"Gourmetland Tenerife","description":"Experiencias gastron\u00f3micas en Tenerife","publisher":{"@id":"https:\/\/gourmetlandtenerife.com\/fr\/#organization"},"potentialAction":[{"@type":"SearchAction","target":{"@type":"EntryPoint","urlTemplate":"https:\/\/gourmetlandtenerife.com\/fr\/?s={search_term_string}"},"query-input":"required name=search_term_string"}],"inLanguage":"fr-FR"},{"@type":["Organization","Place","Restaurant"],"@id":"https:\/\/gourmetlandtenerife.com\/fr\/#organization","name":"Gourmetland Tenerife","url":"https:\/\/gourmetlandtenerife.com\/fr\/","logo":{"@id":"https:\/\/gourmetlandtenerife.com\/fr\/profitez-de-la-journee-des-canaries-avec-g\/#local-main-organization-logo"},"image":{"@id":"https:\/\/gourmetlandtenerife.com\/fr\/profitez-de-la-journee-des-canaries-avec-g\/#local-main-organization-logo"},"sameAs":["https:\/\/www.facebook.com\/grupogourmetland\/","https:\/\/www.instagram.com\/gourmetlandtenerife\/"],"telephone":["+34 922 798 489"],"contactPoint":{"@type":"ContactPoint","telephone":"+34 922 798 489","email":"marketing@gourmetlandtenerife.com"},"openingHoursSpecification":[{"@type":"OpeningHoursSpecification","dayOfWeek":["Monday","Tuesday","Wednesday","Thursday","Friday","Saturday","Sunday"],"opens":"09:00","closes":"17:00"}],"email":"marketing@gourmetlandtenerife.com","areaServed":"Tenerife"},{"@type":"Person","@id":"https:\/\/gourmetlandtenerife.com\/fr\/#\/schema\/person\/2a7042087247511ee2631b0b87bb261a","name":"Gourmetland Tenerife","image":{"@type":"ImageObject","inLanguage":"fr-FR","@id":"https:\/\/gourmetlandtenerife.com\/fr\/#\/schema\/person\/image\/","url":"https:\/\/secure.gravatar.com\/avatar\/a51493f40a47b45581449c4a0e35ff84997d545dadba8146a86e294476583325?s=96&d=mm&r=x","contentUrl":"https:\/\/secure.gravatar.com\/avatar\/a51493f40a47b45581449c4a0e35ff84997d545dadba8146a86e294476583325?s=96&d=mm&r=x","caption":"Gourmetland Tenerife"}},{"@type":"ImageObject","inLanguage":"fr-FR","@id":"https:\/\/gourmetlandtenerife.com\/fr\/profitez-de-la-journee-des-canaries-avec-g\/#local-main-organization-logo","url":"https:\/\/gourmetlandtenerife.com\/wp-content\/uploads\/2022\/05\/Logo-gourmetland-redondo-fondo-blanco-2.png","contentUrl":"https:\/\/gourmetlandtenerife.com\/wp-content\/uploads\/2022\/05\/Logo-gourmetland-redondo-fondo-blanco-2.png","width":3079,"height":3079,"caption":"Gourmetland Tenerife"}]},"geo.placename":"Santa Cruz de Tenerife","geo.region":"Espagne"},"pure_taxonomies":{"categories":[{"term_id":126,"name":"Restaurants","slug":"restaurants-fr","term_group":0,"term_taxonomy_id":126,"taxonomy":"category","description":"","parent":0,"count":34,"filter":"raw","cat_ID":126,"category_count":34,"category_description":"","cat_name":"Restaurants","category_nicename":"restaurants-fr","category_parent":0}]},"jetpack_featured_media_url":"https:\/\/gourmetlandtenerife.com\/wp-content\/uploads\/2024\/05\/dia-de-canarias-1.jpg","_links":{"self":[{"href":"https:\/\/gourmetlandtenerife.com\/fr\/wp-json\/wp\/v2\/posts\/4004","targetHints":{"allow":["GET"]}}],"collection":[{"href":"https:\/\/gourmetlandtenerife.com\/fr\/wp-json\/wp\/v2\/posts"}],"about":[{"href":"https:\/\/gourmetlandtenerife.com\/fr\/wp-json\/wp\/v2\/types\/post"}],"author":[{"embeddable":true,"href":"https:\/\/gourmetlandtenerife.com\/fr\/wp-json\/wp\/v2\/users\/95866144"}],"replies":[{"embeddable":true,"href":"https:\/\/gourmetlandtenerife.com\/fr\/wp-json\/wp\/v2\/comments?post=4004"}],"version-history":[{"count":0,"href":"https:\/\/gourmetlandtenerife.com\/fr\/wp-json\/wp\/v2\/posts\/4004\/revisions"}],"wp:featuredmedia":[{"embeddable":true,"href":"https:\/\/gourmetlandtenerife.com\/fr\/wp-json\/wp\/v2\/media\/4012"}],"wp:attachment":[{"href":"https:\/\/gourmetlandtenerife.com\/fr\/wp-json\/wp\/v2\/media?parent=4004"}],"wp:term":[{"taxonomy":"category","embeddable":true,"href":"https:\/\/gourmetlandtenerife.com\/fr\/wp-json\/wp\/v2\/categories?post=4004"},{"taxonomy":"post_tag","embeddable":true,"href":"https:\/\/gourmetlandtenerife.com\/fr\/wp-json\/wp\/v2\/tags?post=4004"}],"curies":[{"name":"wp","href":"https:\/\/api.w.org\/{rel}","templated":true}]}}